{"id":2796,"date":"2021-02-23T13:46:13","date_gmt":"2021-02-23T12:46:13","guid":{"rendered":"https:\/\/www.dialogodelmundo.de\/dialogo\/dialogo-del-mundo-x-colectiva-20-de-febrero\/"},"modified":"2023-02-15T07:41:27","modified_gmt":"2023-02-15T06:41:27","slug":"dialogo-del-mundo-x-colectiva-20-de-febrero","status":"publish","type":"post","link":"https:\/\/www.dialogodelmundo.de\/es\/dialogo-del-mundo-x-colectiva-20-de-febrero\/dialogo\/","title":{"rendered":"Di\u00e1logo del Mundo X Colectiva 20 de Febrero"},"content":{"rendered":"\n<p><em>\u00a1Hola gente!<\/em><\/p>\n\n\n\n<p class=\"has-text-align-left\">\u00a1Vamos a iniciar una acci\u00f3n de postales junto con las estudiantes mexicanas de la \u00abColectiva 20 de Febrero\u00bb!&nbsp;Todos escriben una postal con experiencias personales sobre la igualdad o la violencia contra las mujeres para enviar a una amiga o amigo. Enviaremos estas postales a M\u00e9xico para compartir despu\u00e9s nuestras ideas en una reuni\u00f3n en l\u00ednea. Tambi\u00e9n recibir\u00e1s una postal de M\u00e9xico, \u00a1as\u00ed que no faltes! <\/p>\n\n\n\n<p class=\"has-normal-font-size\"><em>\u00a1<strong>Una protesta creativa por un mundo justo<\/strong>!<\/em><\/p>\n\n\n\n<p><em><strong>Para participar,<\/strong>&nbsp;env\u00eda un mensaje de correo electr\u00f3nico a&nbsp;<a href=\"&#109;&#x61;&#105;&#x6c;&#116;&#x6f;&#58;&#x69;n&#x66;o&#x40;d&#x69;a&#108;&#x6f;&#103;&#x6f;&#100;&#x65;&#108;&#x6d;&#117;&#x6e;d&#x6f;&#46;&#x64;e\" target=\"_blank\" rel=\"noreferrer noopener\">&#x69;&#x6e;&#x66;&#111;&#64;&#100;ia&#x6c;&#x6f;&#x67;&#x6f;&#100;&#101;lm&#x75;&#x6e;&#x64;&#x6f;&#46;&#100;e<\/a>&nbsp;y te enviaremos un link para participar en nuestro primer encuentro el 06.03.2021 a las 11 a. m., hora de M\u00e9xico. All\u00ed se conocer\u00e1n las y los participantes y comenzar\u00e1 la acci\u00f3n.<\/em><\/p>\n","protected":false},"excerpt":{"rendered":"<p>\u00a1Hola gente! \u00a1Vamos a iniciar una acci\u00f3n de postales junto con las estudiantes mexicanas de la \u00abColectiva 20 de Febrero\u00bb!&nbsp;Todos escriben una postal con experiencias personales sobre la igualdad o la violencia contra las mujeres para enviar a una amiga o amigo. Enviaremos estas postales a M\u00e9xico para compartir despu\u00e9s nuestras ideas en una reuni\u00f3n [&hellip;]<\/p>\n","protected":false},"author":2,"featured_media":122,"comment_status":"open","ping_status":"open","sticky":false,"template":"","format":"standard","meta":{"_acf_changed":false,"inline_featured_image":false,"footnotes":""},"categories":[2],"tags":[],"class_list":["post-2796","post","type-post","status-publish","format-standard","has-post-thumbnail","hentry","category-dialogo"],"acf":[],"_links":{"self":[{"href":"https:\/\/www.dialogodelmundo.de\/es\/wp-json\/wp\/v2\/posts\/2796","targetHints":{"allow":["GET"]}}],"collection":[{"href":"https:\/\/www.dialogodelmundo.de\/es\/wp-json\/wp\/v2\/posts"}],"about":[{"href":"https:\/\/www.dialogodelmundo.de\/es\/wp-json\/wp\/v2\/types\/post"}],"author":[{"embeddable":true,"href":"https:\/\/www.dialogodelmundo.de\/es\/wp-json\/wp\/v2\/users\/2"}],"replies":[{"embeddable":true,"href":"https:\/\/www.dialogodelmundo.de\/es\/wp-json\/wp\/v2\/comments?post=2796"}],"version-history":[{"count":2,"href":"https:\/\/www.dialogodelmundo.de\/es\/wp-json\/wp\/v2\/posts\/2796\/revisions"}],"predecessor-version":[{"id":3849,"href":"https:\/\/www.dialogodelmundo.de\/es\/wp-json\/wp\/v2\/posts\/2796\/revisions\/3849"}],"wp:featuredmedia":[{"embeddable":true,"href":"https:\/\/www.dialogodelmundo.de\/es\/wp-json\/wp\/v2\/media\/122"}],"wp:attachment":[{"href":"https:\/\/www.dialogodelmundo.de\/es\/wp-json\/wp\/v2\/media?parent=2796"}],"wp:term":[{"taxonomy":"category","embeddable":true,"href":"https:\/\/www.dialogodelmundo.de\/es\/wp-json\/wp\/v2\/categories?post=2796"},{"taxonomy":"post_tag","embeddable":true,"href":"https:\/\/www.dialogodelmundo.de\/es\/wp-json\/wp\/v2\/tags?post=2796"}],"curies":[{"name":"wp","href":"https:\/\/api.w.org\/{rel}","templated":true}]}}