{"id":3056,"date":"2022-06-13T18:48:36","date_gmt":"2022-06-13T16:48:36","guid":{"rendered":"https:\/\/www.dialogodelmundo.de\/?p=3056"},"modified":"2023-02-27T11:37:14","modified_gmt":"2023-02-27T10:37:14","slug":"charla-en-linea-sabado-11-de-junio-a-las-11-a-m-hora-de-mexico","status":"publish","type":"post","link":"https:\/\/www.dialogodelmundo.de\/es\/charla-en-linea-sabado-11-de-junio-a-las-11-a-m-hora-de-mexico\/dialogo\/","title":{"rendered":"Charla en l\u00ednea: s\u00e1bado 11 de junio a las 11 a. m., hora de M\u00e9xico"},"content":{"rendered":"\n<p>Di\u00e1logo e intercambio. Desde M\u00e9xico, Alemania y otros lugares, queremos hablar de las condiciones marco que todos necesitamos para poder seguir nuestro propio camino en la vida, seg\u00fan nuestras capacidades. Recibir\u00e1s el enlace del zoom por mensaje directo.<\/p>\n","protected":false},"excerpt":{"rendered":"<p>Di\u00e1logo e intercambio. Desde M\u00e9xico, Alemania y otros lugares, queremos hablar de las condiciones marco que todos necesitamos para poder seguir nuestro propio camino en la vida, seg\u00fan nuestras capacidades. Recibir\u00e1s el enlace del zoom por mensaje directo.<\/p>\n","protected":false},"author":2,"featured_media":3028,"comment_status":"open","ping_status":"open","sticky":false,"template":"","format":"standard","meta":{"_acf_changed":false,"inline_featured_image":false,"footnotes":""},"categories":[2,29],"tags":[],"class_list":["post-3056","post","type-post","status-publish","format-standard","has-post-thumbnail","hentry","category-dialogo","category-actualidad"],"acf":[],"_links":{"self":[{"href":"https:\/\/www.dialogodelmundo.de\/es\/wp-json\/wp\/v2\/posts\/3056","targetHints":{"allow":["GET"]}}],"collection":[{"href":"https:\/\/www.dialogodelmundo.de\/es\/wp-json\/wp\/v2\/posts"}],"about":[{"href":"https:\/\/www.dialogodelmundo.de\/es\/wp-json\/wp\/v2\/types\/post"}],"author":[{"embeddable":true,"href":"https:\/\/www.dialogodelmundo.de\/es\/wp-json\/wp\/v2\/users\/2"}],"replies":[{"embeddable":true,"href":"https:\/\/www.dialogodelmundo.de\/es\/wp-json\/wp\/v2\/comments?post=3056"}],"version-history":[{"count":1,"href":"https:\/\/www.dialogodelmundo.de\/es\/wp-json\/wp\/v2\/posts\/3056\/revisions"}],"predecessor-version":[{"id":3057,"href":"https:\/\/www.dialogodelmundo.de\/es\/wp-json\/wp\/v2\/posts\/3056\/revisions\/3057"}],"wp:featuredmedia":[{"embeddable":true,"href":"https:\/\/www.dialogodelmundo.de\/es\/wp-json\/wp\/v2\/media\/3028"}],"wp:attachment":[{"href":"https:\/\/www.dialogodelmundo.de\/es\/wp-json\/wp\/v2\/media?parent=3056"}],"wp:term":[{"taxonomy":"category","embeddable":true,"href":"https:\/\/www.dialogodelmundo.de\/es\/wp-json\/wp\/v2\/categories?post=3056"},{"taxonomy":"post_tag","embeddable":true,"href":"https:\/\/www.dialogodelmundo.de\/es\/wp-json\/wp\/v2\/tags?post=3056"}],"curies":[{"name":"wp","href":"https:\/\/api.w.org\/{rel}","templated":true}]}}