{"id":4530,"date":"2023-06-08T09:58:57","date_gmt":"2023-06-08T07:58:57","guid":{"rendered":"https:\/\/www.dialogodelmundo.de\/?p=4530"},"modified":"2023-06-08T19:35:11","modified_gmt":"2023-06-08T17:35:11","slug":"dialogo-e-intercambio-sobre-el-tema-prevencion","status":"publish","type":"post","link":"https:\/\/www.dialogodelmundo.de\/es\/dialogo-e-intercambio-sobre-el-tema-prevencion\/actualidad\/","title":{"rendered":"Di\u00e1logo e intercambio sobre el tema \u00abPrevenci\u00f3n\u00bb"},"content":{"rendered":"\n<p>La palabra \u00abprevenci\u00f3n\u00bb proviene del lat\u00edn \u00abpraevenire\u00bb (anticiparse). Se refiere a las medidas y acciones destinadas a evitar algo (posiblemente indeseable) como consecuencia. <\/p>\n\n\n\n<p>Prevenir significa <strong>ir un paso adelante<\/strong>. El objetivo del trabajo de prevenci\u00f3n es tomar medidas preventivas que eviten comportamientos de riesgo y sucesos o situaciones destructivas en una fase temprana.<\/p>\n\n\n\n<p><strong>El 3 de junio de 2023 se celebrar\u00e1 el D\u00eda Internacional de la Bicicleta<\/strong>. Este d\u00eda se introdujo, entre otras cosas, para llamar la atenci\u00f3n sobre la creciente carga del tr\u00e1fico automovil\u00edstico y destacar la bicicleta como alternativa respetuosa con el medio ambiente en la vida cotidiana.<\/p>\n\n\n\n<p><\/p>\n\n\n\n<div class=\"wp-block-columns is-layout-flex wp-container-core-columns-is-layout-9d6595d7 wp-block-columns-is-layout-flex\">\n<div class=\"wp-block-column is-layout-flow wp-block-column-is-layout-flow\" style=\"flex-basis:100%\">\n<div class=\"wp-block-group is-content-justification-space-between is-nowrap is-layout-flex wp-container-core-group-is-layout-0dfbf163 wp-block-group-is-layout-flex\">\n<div class=\"wp-block-columns is-layout-flex wp-container-core-columns-is-layout-9d6595d7 wp-block-columns-is-layout-flex\">\n<div class=\"wp-block-column is-layout-flow wp-block-column-is-layout-flow\" style=\"flex-basis:100%\">\n<div class=\"wp-block-group\"><div class=\"wp-block-group__inner-container is-layout-constrained wp-block-group-is-layout-constrained\">\n<figure class=\"wp-block-image alignwide size-large\"><img loading=\"lazy\" decoding=\"async\" width=\"724\" height=\"1024\" src=\"https:\/\/www.dialogodelmundo.de\/wp-content\/uploads\/2023\/06\/plakat-sassnitzcycling2023-2-724x1024.jpg\" alt=\"\" class=\"wp-image-4518\" srcset=\"https:\/\/www.dialogodelmundo.de\/wp-content\/uploads\/2023\/06\/plakat-sassnitzcycling2023-2-724x1024.jpg 724w, https:\/\/www.dialogodelmundo.de\/wp-content\/uploads\/2023\/06\/plakat-sassnitzcycling2023-2-509x720.jpg 509w, https:\/\/www.dialogodelmundo.de\/wp-content\/uploads\/2023\/06\/plakat-sassnitzcycling2023-2-768x1086.jpg 768w, https:\/\/www.dialogodelmundo.de\/wp-content\/uploads\/2023\/06\/plakat-sassnitzcycling2023-2.jpg 794w\" sizes=\"auto, (max-width: 724px) 100vw, 724px\" \/><\/figure>\n<\/div><\/div>\n<\/div>\n<\/div>\n\n\n\n<figure class=\"wp-block-image size-large\"><img loading=\"lazy\" decoding=\"async\" width=\"724\" height=\"1024\" src=\"https:\/\/www.dialogodelmundo.de\/wp-content\/uploads\/2023\/06\/route-sassnitzcycling20232-1-724x1024.jpg\" alt=\"\" class=\"wp-image-4505\" srcset=\"https:\/\/www.dialogodelmundo.de\/wp-content\/uploads\/2023\/06\/route-sassnitzcycling20232-1-724x1024.jpg 724w, https:\/\/www.dialogodelmundo.de\/wp-content\/uploads\/2023\/06\/route-sassnitzcycling20232-1-509x720.jpg 509w, https:\/\/www.dialogodelmundo.de\/wp-content\/uploads\/2023\/06\/route-sassnitzcycling20232-1-768x1086.jpg 768w, https:\/\/www.dialogodelmundo.de\/wp-content\/uploads\/2023\/06\/route-sassnitzcycling20232-1.jpg 794w\" sizes=\"auto, (max-width: 724px) 100vw, 724px\" \/><\/figure>\n<\/div>\n\n\n\n<p><\/p>\n\n\n\n<p><\/p>\n\n\n\n<p>Al final de la excursi\u00f3n en bicicleta por Sassnitz, a las 11.00 horas, al pie del muelle, te invitamos a una mesa redonda y un buffett. Entre otras preguntas est\u00e1n: \u00bfQu\u00e9 es la prevenci\u00f3n? \u00bfCu\u00e1les son los objetivos del Consejo de Prevenci\u00f3n? \u00bfQu\u00e9 tipos de prevenci\u00f3n existen? \u00bfQu\u00e9 tipos de prevenci\u00f3n se necesitan? \u00bfQu\u00e9 ofertas se pueden desarrollar a partir de un an\u00e1lisis de necesidades? \u00bfC\u00f3mo y sobre qu\u00e9 temas podemos informarnos y apoyarnos mutuamente en nuestra sociedad local? \u00bfC\u00f3mo podemos prevenir la violencia en la comunicaci\u00f3n y el comportamiento? \u00bfC\u00f3mo hacer frente a la avalancha de informaci\u00f3n e im\u00e1genes en la era digital? \u00bfQu\u00e9 te mueve? \u00a1Participa! \u00a1Te esperamos!<\/p>\n\n\n\n<p><\/p>\n<\/div>\n<\/div>\n","protected":false},"excerpt":{"rendered":"<p>La palabra \u00abprevenci\u00f3n\u00bb proviene del lat\u00edn \u00abpraevenire\u00bb (anticiparse). Se refiere a las medidas y acciones destinadas a evitar algo (posiblemente indeseable) como consecuencia. Prevenir significa ir un paso adelante. El objetivo del trabajo de prevenci\u00f3n es tomar medidas preventivas que eviten comportamientos de riesgo y sucesos o situaciones destructivas en una fase temprana. El 3 [&hellip;]<\/p>\n","protected":false},"author":2,"featured_media":4531,"comment_status":"open","ping_status":"open","sticky":false,"template":"","format":"standard","meta":{"_acf_changed":false,"inline_featured_image":false,"footnotes":""},"categories":[29],"tags":[],"class_list":["post-4530","post","type-post","status-publish","format-standard","has-post-thumbnail","hentry","category-actualidad"],"acf":[],"_links":{"self":[{"href":"https:\/\/www.dialogodelmundo.de\/es\/wp-json\/wp\/v2\/posts\/4530","targetHints":{"allow":["GET"]}}],"collection":[{"href":"https:\/\/www.dialogodelmundo.de\/es\/wp-json\/wp\/v2\/posts"}],"about":[{"href":"https:\/\/www.dialogodelmundo.de\/es\/wp-json\/wp\/v2\/types\/post"}],"author":[{"embeddable":true,"href":"https:\/\/www.dialogodelmundo.de\/es\/wp-json\/wp\/v2\/users\/2"}],"replies":[{"embeddable":true,"href":"https:\/\/www.dialogodelmundo.de\/es\/wp-json\/wp\/v2\/comments?post=4530"}],"version-history":[{"count":5,"href":"https:\/\/www.dialogodelmundo.de\/es\/wp-json\/wp\/v2\/posts\/4530\/revisions"}],"predecessor-version":[{"id":4537,"href":"https:\/\/www.dialogodelmundo.de\/es\/wp-json\/wp\/v2\/posts\/4530\/revisions\/4537"}],"wp:featuredmedia":[{"embeddable":true,"href":"https:\/\/www.dialogodelmundo.de\/es\/wp-json\/wp\/v2\/media\/4531"}],"wp:attachment":[{"href":"https:\/\/www.dialogodelmundo.de\/es\/wp-json\/wp\/v2\/media?parent=4530"}],"wp:term":[{"taxonomy":"category","embeddable":true,"href":"https:\/\/www.dialogodelmundo.de\/es\/wp-json\/wp\/v2\/categories?post=4530"},{"taxonomy":"post_tag","embeddable":true,"href":"https:\/\/www.dialogodelmundo.de\/es\/wp-json\/wp\/v2\/tags?post=4530"}],"curies":[{"name":"wp","href":"https:\/\/api.w.org\/{rel}","templated":true}]}}