{"id":4643,"date":"2023-06-27T19:58:02","date_gmt":"2023-06-27T17:58:02","guid":{"rendered":"https:\/\/www.dialogodelmundo.de\/?p=4643"},"modified":"2023-06-27T19:58:03","modified_gmt":"2023-06-27T17:58:03","slug":"desayuno-feminista-el-1o-de-julio-de-2023-a-las-10-horas","status":"publish","type":"post","link":"https:\/\/www.dialogodelmundo.de\/es\/desayuno-feminista-el-1o-de-julio-de-2023-a-las-10-horas\/actualidad\/","title":{"rendered":"Desayuno feminista el 1\u00ba de julio de 2023 a las 10 horas"},"content":{"rendered":"\n<p>\u00a1Te damos la bienvenida al desayuno feminista el s\u00e1bado pr\u00f3ximo a las 10 horas en la Casa Grundtvig en Sassnitz!<\/p>\n\n\n\n<p>Dinos qu\u00e9 piensas: \u00abNecesito feminismo, porque &#8230;\u00bb<\/p>\n\n\n\n<p>Queremos dar nuestra opini\u00f3n y debatir; todos son bienvenidos, muchachos, muchachas, mujeres, hombres &#8230;<\/p>\n\n\n\n<p>\u00a1Nos alegrar\u00eda verte!<\/p>\n","protected":false},"excerpt":{"rendered":"<p>\u00a1Te damos la bienvenida al desayuno feminista el s\u00e1bado pr\u00f3ximo a las 10 horas en la Casa Grundtvig en Sassnitz! Dinos qu\u00e9 piensas: \u00abNecesito feminismo, porque &#8230;\u00bb Queremos dar nuestra opini\u00f3n y debatir; todos son bienvenidos, muchachos, muchachas, mujeres, hombres &#8230; \u00a1Nos alegrar\u00eda verte!<\/p>\n","protected":false},"author":2,"featured_media":4644,"comment_status":"open","ping_status":"open","sticky":false,"template":"","format":"standard","meta":{"_acf_changed":false,"inline_featured_image":false,"footnotes":""},"categories":[29],"tags":[],"class_list":["post-4643","post","type-post","status-publish","format-standard","has-post-thumbnail","hentry","category-actualidad"],"acf":[],"_links":{"self":[{"href":"https:\/\/www.dialogodelmundo.de\/es\/wp-json\/wp\/v2\/posts\/4643","targetHints":{"allow":["GET"]}}],"collection":[{"href":"https:\/\/www.dialogodelmundo.de\/es\/wp-json\/wp\/v2\/posts"}],"about":[{"href":"https:\/\/www.dialogodelmundo.de\/es\/wp-json\/wp\/v2\/types\/post"}],"author":[{"embeddable":true,"href":"https:\/\/www.dialogodelmundo.de\/es\/wp-json\/wp\/v2\/users\/2"}],"replies":[{"embeddable":true,"href":"https:\/\/www.dialogodelmundo.de\/es\/wp-json\/wp\/v2\/comments?post=4643"}],"version-history":[{"count":1,"href":"https:\/\/www.dialogodelmundo.de\/es\/wp-json\/wp\/v2\/posts\/4643\/revisions"}],"predecessor-version":[{"id":4648,"href":"https:\/\/www.dialogodelmundo.de\/es\/wp-json\/wp\/v2\/posts\/4643\/revisions\/4648"}],"wp:featuredmedia":[{"embeddable":true,"href":"https:\/\/www.dialogodelmundo.de\/es\/wp-json\/wp\/v2\/media\/4644"}],"wp:attachment":[{"href":"https:\/\/www.dialogodelmundo.de\/es\/wp-json\/wp\/v2\/media?parent=4643"}],"wp:term":[{"taxonomy":"category","embeddable":true,"href":"https:\/\/www.dialogodelmundo.de\/es\/wp-json\/wp\/v2\/categories?post=4643"},{"taxonomy":"post_tag","embeddable":true,"href":"https:\/\/www.dialogodelmundo.de\/es\/wp-json\/wp\/v2\/tags?post=4643"}],"curies":[{"name":"wp","href":"https:\/\/api.w.org\/{rel}","templated":true}]}}