{"id":5065,"date":"2023-11-17T17:37:15","date_gmt":"2023-11-17T16:37:15","guid":{"rendered":"https:\/\/www.dialogodelmundo.de\/?p=5065"},"modified":"2023-11-17T17:56:45","modified_gmt":"2023-11-17T16:56:45","slug":"actividades-de-la-semana-contra-la-violencia-del-20-al-26-de-noviembre-de-2023","status":"publish","type":"post","link":"https:\/\/www.dialogodelmundo.de\/es\/actividades-de-la-semana-contra-la-violencia-del-20-al-26-de-noviembre-de-2023\/actualidad\/","title":{"rendered":"Actividades de la Semana contra la Violencia (del 20 al 26 de noviembre de 2023)"},"content":{"rendered":"\n<p>El domingo 19 de noviembre crearemos Mensajes de Di\u00e1logo del Mundo por la solidaridad, la sororidad (hermandad entre mujeres), la igualdad y la eliminaci\u00f3n de la violencia.<\/p>\n\n\n\n<figure class=\"wp-block-image alignwide size-large\"><img loading=\"lazy\" decoding=\"async\" width=\"1024\" height=\"1024\" src=\"https:\/\/www.dialogodelmundo.de\/wp-content\/uploads\/2023\/11\/dialogo-botschaften-gestalten-1024x1024.png\" alt=\"\" class=\"wp-image-5066\" srcset=\"https:\/\/www.dialogodelmundo.de\/wp-content\/uploads\/2023\/11\/dialogo-botschaften-gestalten-1024x1024.png 1024w, https:\/\/www.dialogodelmundo.de\/wp-content\/uploads\/2023\/11\/dialogo-botschaften-gestalten-720x720.png 720w, https:\/\/www.dialogodelmundo.de\/wp-content\/uploads\/2023\/11\/dialogo-botschaften-gestalten-360x360.png 360w, https:\/\/www.dialogodelmundo.de\/wp-content\/uploads\/2023\/11\/dialogo-botschaften-gestalten-768x768.png 768w, https:\/\/www.dialogodelmundo.de\/wp-content\/uploads\/2023\/11\/dialogo-botschaften-gestalten.png 1080w\" sizes=\"auto, (max-width: 1024px) 100vw, 1024px\" \/><\/figure>\n\n\n\n<p><\/p>\n\n\n\n<p><\/p>\n\n\n\n<p>El lunes 20 de noviembre se proyectar\u00e1 la pel\u00edcula \u00abVivas\u00bb en la Casa Grundtvig. La directora Ang\u00e9lica Cruz Aguilar y una de las protagonistas de la pel\u00edcula, Karen Martinely de M\u00e9xiko estar\u00e1n presentes y participar\u00e1n en una charla despu\u00e9s de la pel\u00edcula. <\/p>\n\n\n\n<figure class=\"wp-block-image alignwide size-large\"><img loading=\"lazy\" decoding=\"async\" width=\"1024\" height=\"1024\" src=\"https:\/\/www.dialogodelmundo.de\/wp-content\/uploads\/2023\/10\/2-1024x1024.png\" alt=\"\" class=\"wp-image-5024\" srcset=\"https:\/\/www.dialogodelmundo.de\/wp-content\/uploads\/2023\/10\/2-1024x1024.png 1024w, https:\/\/www.dialogodelmundo.de\/wp-content\/uploads\/2023\/10\/2-720x720.png 720w, https:\/\/www.dialogodelmundo.de\/wp-content\/uploads\/2023\/10\/2-360x360.png 360w, https:\/\/www.dialogodelmundo.de\/wp-content\/uploads\/2023\/10\/2-768x768.png 768w, https:\/\/www.dialogodelmundo.de\/wp-content\/uploads\/2023\/10\/2.png 1080w\" sizes=\"auto, (max-width: 1024px) 100vw, 1024px\" \/><\/figure>\n\n\n\n<p><\/p>\n\n\n\n<p><\/p>\n\n\n\n<p>A partir del 20 de noviembre se expondr\u00e1n los Mensajes de Di\u00e1logo del Mundo en la Casa Grundtvig.<\/p>\n\n\n\n<figure class=\"wp-block-image alignwide size-large\"><img loading=\"lazy\" decoding=\"async\" width=\"1024\" height=\"1024\" src=\"https:\/\/www.dialogodelmundo.de\/wp-content\/uploads\/2023\/11\/ausstellung2023-2-1024x1024.jpg\" alt=\"\" class=\"wp-image-5052\" srcset=\"https:\/\/www.dialogodelmundo.de\/wp-content\/uploads\/2023\/11\/ausstellung2023-2-1024x1024.jpg 1024w, https:\/\/www.dialogodelmundo.de\/wp-content\/uploads\/2023\/11\/ausstellung2023-2-720x720.jpg 720w, https:\/\/www.dialogodelmundo.de\/wp-content\/uploads\/2023\/11\/ausstellung2023-2-360x360.jpg 360w, https:\/\/www.dialogodelmundo.de\/wp-content\/uploads\/2023\/11\/ausstellung2023-2-768x768.jpg 768w, https:\/\/www.dialogodelmundo.de\/wp-content\/uploads\/2023\/11\/ausstellung2023-2.jpg 1080w\" sizes=\"auto, (max-width: 1024px) 100vw, 1024px\" \/><\/figure>\n\n\n\n<p><\/p>\n\n\n\n<p><\/p>\n\n\n\n<p>El viernes 24 de noviembre se mostrar\u00e1 la pel\u00edcula Saint Omer en la Casa Grundtvig.<\/p>\n\n\n\n<figure class=\"wp-block-image alignwide size-large\"><img loading=\"lazy\" decoding=\"async\" width=\"1024\" height=\"1024\" src=\"https:\/\/www.dialogodelmundo.de\/wp-content\/uploads\/2023\/11\/saint-omer-1-1024x1024.png\" alt=\"\" class=\"wp-image-5068\" srcset=\"https:\/\/www.dialogodelmundo.de\/wp-content\/uploads\/2023\/11\/saint-omer-1-1024x1024.png 1024w, https:\/\/www.dialogodelmundo.de\/wp-content\/uploads\/2023\/11\/saint-omer-1-720x720.png 720w, https:\/\/www.dialogodelmundo.de\/wp-content\/uploads\/2023\/11\/saint-omer-1-360x360.png 360w, https:\/\/www.dialogodelmundo.de\/wp-content\/uploads\/2023\/11\/saint-omer-1-768x768.png 768w, https:\/\/www.dialogodelmundo.de\/wp-content\/uploads\/2023\/11\/saint-omer-1.png 1080w\" sizes=\"auto, (max-width: 1024px) 100vw, 1024px\" \/><\/figure>\n\n\n\n<p><\/p>\n\n\n\n<p><\/p>\n\n\n\n<p>Y el 25 de noviembre, D\u00eda Internacional de la Eliminaci\u00f3n de la Violencia contra la Mujer, iluminaremos la oscuridad con luces anaranjadas. Y romperemos el silencio cantando \u00abCanci\u00f3n sin miedo\u00bb. <\/p>\n\n\n\n<figure class=\"wp-block-image alignwide size-large\"><img loading=\"lazy\" decoding=\"async\" width=\"1024\" height=\"1024\" src=\"https:\/\/www.dialogodelmundo.de\/wp-content\/uploads\/2023\/11\/orange-the-world-1024x1024.png\" alt=\"\" class=\"wp-image-5070\" srcset=\"https:\/\/www.dialogodelmundo.de\/wp-content\/uploads\/2023\/11\/orange-the-world-1024x1024.png 1024w, https:\/\/www.dialogodelmundo.de\/wp-content\/uploads\/2023\/11\/orange-the-world-720x720.png 720w, https:\/\/www.dialogodelmundo.de\/wp-content\/uploads\/2023\/11\/orange-the-world-360x360.png 360w, https:\/\/www.dialogodelmundo.de\/wp-content\/uploads\/2023\/11\/orange-the-world-768x768.png 768w, https:\/\/www.dialogodelmundo.de\/wp-content\/uploads\/2023\/11\/orange-the-world.png 1080w\" sizes=\"auto, (max-width: 1024px) 100vw, 1024px\" \/><\/figure>\n\n\n\n<p><\/p>\n\n\n\n<p>En todas las actividades estaremos en di\u00e1logo e intercambiando informaci\u00f3n sobre la situaci\u00f3n en nuestros pa\u00edses en relaci\u00f3n con la violencia dom\u00e9stica, el feminicidio y, especialmente, conversaremos sobre c\u00f3mo podemos cambiar estos abusos para lograr una vida en com\u00fan pac\u00edfica en todo el mundo. \u00a1Participa! \u00a1Te damos la bienvenida! <\/p>\n","protected":false},"excerpt":{"rendered":"<p>El domingo 19 de noviembre crearemos Mensajes de Di\u00e1logo del Mundo por la solidaridad, la sororidad (hermandad entre mujeres), la igualdad y la eliminaci\u00f3n de la violencia. El lunes 20 de noviembre se proyectar\u00e1 la pel\u00edcula \u00abVivas\u00bb en la Casa Grundtvig. La directora Ang\u00e9lica Cruz Aguilar y una de las protagonistas de la pel\u00edcula, Karen [&hellip;]<\/p>\n","protected":false},"author":2,"featured_media":5073,"comment_status":"open","ping_status":"open","sticky":false,"template":"","format":"standard","meta":{"_acf_changed":false,"inline_featured_image":false,"footnotes":""},"categories":[29],"tags":[],"class_list":["post-5065","post","type-post","status-publish","format-standard","has-post-thumbnail","hentry","category-actualidad"],"acf":[],"_links":{"self":[{"href":"https:\/\/www.dialogodelmundo.de\/es\/wp-json\/wp\/v2\/posts\/5065","targetHints":{"allow":["GET"]}}],"collection":[{"href":"https:\/\/www.dialogodelmundo.de\/es\/wp-json\/wp\/v2\/posts"}],"about":[{"href":"https:\/\/www.dialogodelmundo.de\/es\/wp-json\/wp\/v2\/types\/post"}],"author":[{"embeddable":true,"href":"https:\/\/www.dialogodelmundo.de\/es\/wp-json\/wp\/v2\/users\/2"}],"replies":[{"embeddable":true,"href":"https:\/\/www.dialogodelmundo.de\/es\/wp-json\/wp\/v2\/comments?post=5065"}],"version-history":[{"count":3,"href":"https:\/\/www.dialogodelmundo.de\/es\/wp-json\/wp\/v2\/posts\/5065\/revisions"}],"predecessor-version":[{"id":5077,"href":"https:\/\/www.dialogodelmundo.de\/es\/wp-json\/wp\/v2\/posts\/5065\/revisions\/5077"}],"wp:featuredmedia":[{"embeddable":true,"href":"https:\/\/www.dialogodelmundo.de\/es\/wp-json\/wp\/v2\/media\/5073"}],"wp:attachment":[{"href":"https:\/\/www.dialogodelmundo.de\/es\/wp-json\/wp\/v2\/media?parent=5065"}],"wp:term":[{"taxonomy":"category","embeddable":true,"href":"https:\/\/www.dialogodelmundo.de\/es\/wp-json\/wp\/v2\/categories?post=5065"},{"taxonomy":"post_tag","embeddable":true,"href":"https:\/\/www.dialogodelmundo.de\/es\/wp-json\/wp\/v2\/tags?post=5065"}],"curies":[{"name":"wp","href":"https:\/\/api.w.org\/{rel}","templated":true}]}}