{"id":5567,"date":"2024-11-14T14:54:08","date_gmt":"2024-11-14T13:54:08","guid":{"rendered":"https:\/\/www.dialogodelmundo.de\/?p=5567"},"modified":"2024-11-14T14:54:09","modified_gmt":"2024-11-14T13:54:09","slug":"encuentro-en-linea-de-dialogo-el-sabado-16-11-24-de-10-a-12-horas","status":"publish","type":"post","link":"https:\/\/www.dialogodelmundo.de\/es\/encuentro-en-linea-de-dialogo-el-sabado-16-11-24-de-10-a-12-horas\/actualidad\/","title":{"rendered":"Encuentro en l\u00ednea de Di\u00e1logo, el s\u00e1bado 16.11.24 de 10 a 12 horas"},"content":{"rendered":"\n<p>Te invitamos cordialmente a participar en nuestro encuentro en l\u00ednea de Di\u00e1logo de 10 a 12 horas.<\/p>\n\n\n\n<p>Para difundir a\u00fan m\u00e1s el contenido del Convenio de Estambul, Luc\u00eda Ur\u00eda Fern\u00e1ndez ha creado un ejemplo con Mindmapping, un m\u00e9todo de aprendizaje que nos presentar\u00e1 el s\u00e1bado pr\u00f3ximo de 11 a 12 horas.<\/p>\n\n\n\n<p>Para participar, solicita un link por mensaje directo a &#105;&#x6e;f&#111;&#x40;&#100;&#x69;a&#108;&#x6f;g&#x6f;&#x64;&#101;&#x6c;m&#117;&#x6e;d&#x6f;&#x2e;&#100;&#x65;. \u00a1Te esperamos!<\/p>\n","protected":false},"excerpt":{"rendered":"<p>Te invitamos cordialmente a participar en nuestro encuentro en l\u00ednea de Di\u00e1logo de 10 a 12 horas. Para difundir a\u00fan m\u00e1s el contenido del Convenio de Estambul, Luc\u00eda Ur\u00eda Fern\u00e1ndez ha creado un ejemplo con Mindmapping, un m\u00e9todo de aprendizaje que nos presentar\u00e1 el s\u00e1bado pr\u00f3ximo de 11 a 12 horas. Para participar, solicita un [&hellip;]<\/p>\n","protected":false},"author":2,"featured_media":5572,"comment_status":"open","ping_status":"open","sticky":false,"template":"","format":"standard","meta":{"_acf_changed":false,"inline_featured_image":false,"footnotes":""},"categories":[29],"tags":[],"class_list":["post-5567","post","type-post","status-publish","format-standard","has-post-thumbnail","hentry","category-actualidad"],"acf":[],"_links":{"self":[{"href":"https:\/\/www.dialogodelmundo.de\/es\/wp-json\/wp\/v2\/posts\/5567","targetHints":{"allow":["GET"]}}],"collection":[{"href":"https:\/\/www.dialogodelmundo.de\/es\/wp-json\/wp\/v2\/posts"}],"about":[{"href":"https:\/\/www.dialogodelmundo.de\/es\/wp-json\/wp\/v2\/types\/post"}],"author":[{"embeddable":true,"href":"https:\/\/www.dialogodelmundo.de\/es\/wp-json\/wp\/v2\/users\/2"}],"replies":[{"embeddable":true,"href":"https:\/\/www.dialogodelmundo.de\/es\/wp-json\/wp\/v2\/comments?post=5567"}],"version-history":[{"count":1,"href":"https:\/\/www.dialogodelmundo.de\/es\/wp-json\/wp\/v2\/posts\/5567\/revisions"}],"predecessor-version":[{"id":5574,"href":"https:\/\/www.dialogodelmundo.de\/es\/wp-json\/wp\/v2\/posts\/5567\/revisions\/5574"}],"wp:featuredmedia":[{"embeddable":true,"href":"https:\/\/www.dialogodelmundo.de\/es\/wp-json\/wp\/v2\/media\/5572"}],"wp:attachment":[{"href":"https:\/\/www.dialogodelmundo.de\/es\/wp-json\/wp\/v2\/media?parent=5567"}],"wp:term":[{"taxonomy":"category","embeddable":true,"href":"https:\/\/www.dialogodelmundo.de\/es\/wp-json\/wp\/v2\/categories?post=5567"},{"taxonomy":"post_tag","embeddable":true,"href":"https:\/\/www.dialogodelmundo.de\/es\/wp-json\/wp\/v2\/tags?post=5567"}],"curies":[{"name":"wp","href":"https:\/\/api.w.org\/{rel}","templated":true}]}}