{"id":5859,"date":"2025-02-06T11:12:36","date_gmt":"2025-02-06T10:12:36","guid":{"rendered":"https:\/\/www.dialogodelmundo.de\/?p=5859"},"modified":"2025-02-06T11:12:37","modified_gmt":"2025-02-06T10:12:37","slug":"intercambio-en-linea-entre-colectiva-y-dialogo-08-02-2025-18-horas","status":"publish","type":"post","link":"https:\/\/www.dialogodelmundo.de\/es\/intercambio-en-linea-entre-colectiva-y-dialogo-08-02-2025-18-horas\/actualidad\/","title":{"rendered":"Intercambio en l\u00ednea entre Colectiva y Di\u00e1logo, 08.02.2025, 18 horas"},"content":{"rendered":"\n<p>Di\u00e1logo del Mundo e.V. y las y los estudiantes de d\u00e9cima clase del Instituto EMA en Bergen, R\u00fcgen que participan en el proyecto de trabajo de Di\u00e1logo se encuentran con las j\u00f3venes mexicanas de la agrupaci\u00f3n @20febcolectiva para hablar sobre los efectos de las elecciones en nuestros pa\u00edses.<\/p>\n\n\n\n<p>Nos gustar\u00eda que tambi\u00e9n participaras en la discusi\u00f3n. Puedes pedir un enlace de Zoom por mensaje directo a &#x69;&#x6e;&#x66;&#x6f;&#x40;&#x64;&#x69;&#x61;&#x6c;&#x6f;&#x67;&#x6f;&#x64;&#x65;&#x6c;&#x6d;&#x75;&#x6e;&#x64;&#x6f;&#x2e;&#x64;&#101;.<\/p>\n","protected":false},"excerpt":{"rendered":"<p>Di\u00e1logo del Mundo e.V. y las y los estudiantes de d\u00e9cima clase del Instituto EMA en Bergen, R\u00fcgen que participan en el proyecto de trabajo de Di\u00e1logo se encuentran con las j\u00f3venes mexicanas de la agrupaci\u00f3n @20febcolectiva para hablar sobre los efectos de las elecciones en nuestros pa\u00edses. Nos gustar\u00eda que tambi\u00e9n participaras en la [&hellip;]<\/p>\n","protected":false},"author":2,"featured_media":5860,"comment_status":"open","ping_status":"open","sticky":false,"template":"","format":"standard","meta":{"_acf_changed":false,"inline_featured_image":false,"footnotes":""},"categories":[29],"tags":[],"class_list":["post-5859","post","type-post","status-publish","format-standard","has-post-thumbnail","hentry","category-actualidad"],"acf":[],"_links":{"self":[{"href":"https:\/\/www.dialogodelmundo.de\/es\/wp-json\/wp\/v2\/posts\/5859","targetHints":{"allow":["GET"]}}],"collection":[{"href":"https:\/\/www.dialogodelmundo.de\/es\/wp-json\/wp\/v2\/posts"}],"about":[{"href":"https:\/\/www.dialogodelmundo.de\/es\/wp-json\/wp\/v2\/types\/post"}],"author":[{"embeddable":true,"href":"https:\/\/www.dialogodelmundo.de\/es\/wp-json\/wp\/v2\/users\/2"}],"replies":[{"embeddable":true,"href":"https:\/\/www.dialogodelmundo.de\/es\/wp-json\/wp\/v2\/comments?post=5859"}],"version-history":[{"count":1,"href":"https:\/\/www.dialogodelmundo.de\/es\/wp-json\/wp\/v2\/posts\/5859\/revisions"}],"predecessor-version":[{"id":5862,"href":"https:\/\/www.dialogodelmundo.de\/es\/wp-json\/wp\/v2\/posts\/5859\/revisions\/5862"}],"wp:featuredmedia":[{"embeddable":true,"href":"https:\/\/www.dialogodelmundo.de\/es\/wp-json\/wp\/v2\/media\/5860"}],"wp:attachment":[{"href":"https:\/\/www.dialogodelmundo.de\/es\/wp-json\/wp\/v2\/media?parent=5859"}],"wp:term":[{"taxonomy":"category","embeddable":true,"href":"https:\/\/www.dialogodelmundo.de\/es\/wp-json\/wp\/v2\/categories?post=5859"},{"taxonomy":"post_tag","embeddable":true,"href":"https:\/\/www.dialogodelmundo.de\/es\/wp-json\/wp\/v2\/tags?post=5859"}],"curies":[{"name":"wp","href":"https:\/\/api.w.org\/{rel}","templated":true}]}}