{"id":6162,"date":"2025-06-30T09:54:48","date_gmt":"2025-06-30T07:54:48","guid":{"rendered":"https:\/\/www.dialogodelmundo.de\/?p=6162"},"modified":"2025-07-04T10:07:54","modified_gmt":"2025-07-04T08:07:54","slug":"dialogo-brunch-el-sabado-05-07-25-a-las-15-uhr-en-grundtvighaus-sassnitz","status":"publish","type":"post","link":"https:\/\/www.dialogodelmundo.de\/es\/dialogo-brunch-el-sabado-05-07-25-a-las-15-uhr-en-grundtvighaus-sassnitz\/actualidad\/","title":{"rendered":"Di\u00e1logo Brunch el s\u00e1bado 5 de julio de 2025 a las 15 horas en la Grundtvighaus, Sassnitz"},"content":{"rendered":"\n<p>Te damos la bienvenida a nuestro segundo desayuno\/brunch de este verano, al aire libre en el jard\u00edn de la Grundtvighaus en Sassnitz. Comenzamos a las 15 horas y conversaremos con Soledad Dom\u00ednguez sobre el libro de la periodista mexicana Lydia Cacho, \u00abRebellisch und frei\u00bb, con entrevistas a ni\u00f1as y muchachas mexicanas entre 11 y 16 a\u00f1os.<\/p>\n\n\n\n<p>Seguiremos pintando los bancos de nuestra campa\u00f1a \u00abNo a la violencia\u00bb y carteles con n\u00fameros telef\u00f3nicos de ayuda para situaciones de violencia. Son parte de nuestra campa\u00f1a para fortalecer el coraje c\u00edvico.<\/p>\n\n\n\n<p>Te esperamos, nos gustar\u00eda mucho que nos acompa\u00f1aras.<\/p>\n","protected":false},"excerpt":{"rendered":"<p>Te damos la bienvenida a nuestro segundo desayuno\/brunch de este verano, al aire libre en el jard\u00edn de la Grundtvighaus en Sassnitz. Comenzamos a las 15 horas y conversaremos con Soledad Dom\u00ednguez sobre el libro de la periodista mexicana Lydia Cacho, \u00abRebellisch und frei\u00bb, con entrevistas a ni\u00f1as y muchachas mexicanas entre 11 y 16 [&hellip;]<\/p>\n","protected":false},"author":2,"featured_media":6158,"comment_status":"open","ping_status":"open","sticky":false,"template":"","format":"standard","meta":{"_acf_changed":false,"inline_featured_image":false,"footnotes":""},"categories":[29],"tags":[],"class_list":["post-6162","post","type-post","status-publish","format-standard","has-post-thumbnail","hentry","category-actualidad"],"acf":[],"_links":{"self":[{"href":"https:\/\/www.dialogodelmundo.de\/es\/wp-json\/wp\/v2\/posts\/6162","targetHints":{"allow":["GET"]}}],"collection":[{"href":"https:\/\/www.dialogodelmundo.de\/es\/wp-json\/wp\/v2\/posts"}],"about":[{"href":"https:\/\/www.dialogodelmundo.de\/es\/wp-json\/wp\/v2\/types\/post"}],"author":[{"embeddable":true,"href":"https:\/\/www.dialogodelmundo.de\/es\/wp-json\/wp\/v2\/users\/2"}],"replies":[{"embeddable":true,"href":"https:\/\/www.dialogodelmundo.de\/es\/wp-json\/wp\/v2\/comments?post=6162"}],"version-history":[{"count":3,"href":"https:\/\/www.dialogodelmundo.de\/es\/wp-json\/wp\/v2\/posts\/6162\/revisions"}],"predecessor-version":[{"id":6167,"href":"https:\/\/www.dialogodelmundo.de\/es\/wp-json\/wp\/v2\/posts\/6162\/revisions\/6167"}],"wp:featuredmedia":[{"embeddable":true,"href":"https:\/\/www.dialogodelmundo.de\/es\/wp-json\/wp\/v2\/media\/6158"}],"wp:attachment":[{"href":"https:\/\/www.dialogodelmundo.de\/es\/wp-json\/wp\/v2\/media?parent=6162"}],"wp:term":[{"taxonomy":"category","embeddable":true,"href":"https:\/\/www.dialogodelmundo.de\/es\/wp-json\/wp\/v2\/categories?post=6162"},{"taxonomy":"post_tag","embeddable":true,"href":"https:\/\/www.dialogodelmundo.de\/es\/wp-json\/wp\/v2\/tags?post=6162"}],"curies":[{"name":"wp","href":"https:\/\/api.w.org\/{rel}","templated":true}]}}