{"id":6389,"date":"2025-09-10T12:45:41","date_gmt":"2025-09-10T10:45:41","guid":{"rendered":"https:\/\/www.dialogodelmundo.de\/?p=6389"},"modified":"2025-09-16T12:47:42","modified_gmt":"2025-09-16T10:47:42","slug":"intercambio-en-linea-entre-colectiva-y-dialogo-el-13-de-setiembre-de-2025-a-las-18-horas","status":"publish","type":"post","link":"https:\/\/www.dialogodelmundo.de\/es\/intercambio-en-linea-entre-colectiva-y-dialogo-el-13-de-setiembre-de-2025-a-las-18-horas\/actualidad\/","title":{"rendered":"Intercambio en l\u00ednea entre Colectiva y Di\u00e1logo el 13 de setiembre de 2025, a las 18 horas"},"content":{"rendered":"\n<p>Colectiva y Di\u00e1logo conversar\u00e1n sobre las posibilidades de fortalecer el coraje c\u00edvico en M\u00e9xico y Alemania.<\/p>\n\n\n\n<p>Te esperamos el s\u00e1bado 13 de setiembre a las 18 horas (horario alem\u00e1n). \u00a1Nos encantar\u00eda conocer tu opini\u00f3n!<\/p>\n\n\n\n<p>Puedes pedir un enlace de Zoom por mensaje directo a &#x69;&#x6e;&#102;&#111;&#64;d&#x69;&#x61;&#x6c;&#111;&#103;od&#x65;&#x6c;&#x6d;&#117;&#110;d&#x6f;&#x2e;&#x64;&#101;.<\/p>\n","protected":false},"excerpt":{"rendered":"<p>Colectiva y Di\u00e1logo conversar\u00e1n sobre las posibilidades de fortalecer el coraje c\u00edvico en M\u00e9xico y Alemania. Te esperamos el s\u00e1bado 13 de setiembre a las 18 horas (horario alem\u00e1n). \u00a1Nos encantar\u00eda conocer tu opini\u00f3n! Puedes pedir un enlace de Zoom por mensaje directo a &#105;&#x6e;f&#111;&#x40;d&#105;&#x61;l&#111;&#x67;o&#100;&#x65;l&#109;&#x75;n&#100;&#x6f;&#46;&#100;&#x65;.<\/p>\n","protected":false},"author":2,"featured_media":6385,"comment_status":"open","ping_status":"open","sticky":false,"template":"","format":"standard","meta":{"_acf_changed":false,"inline_featured_image":false,"footnotes":""},"categories":[29],"tags":[],"class_list":["post-6389","post","type-post","status-publish","format-standard","has-post-thumbnail","hentry","category-actualidad"],"acf":[],"_links":{"self":[{"href":"https:\/\/www.dialogodelmundo.de\/es\/wp-json\/wp\/v2\/posts\/6389","targetHints":{"allow":["GET"]}}],"collection":[{"href":"https:\/\/www.dialogodelmundo.de\/es\/wp-json\/wp\/v2\/posts"}],"about":[{"href":"https:\/\/www.dialogodelmundo.de\/es\/wp-json\/wp\/v2\/types\/post"}],"author":[{"embeddable":true,"href":"https:\/\/www.dialogodelmundo.de\/es\/wp-json\/wp\/v2\/users\/2"}],"replies":[{"embeddable":true,"href":"https:\/\/www.dialogodelmundo.de\/es\/wp-json\/wp\/v2\/comments?post=6389"}],"version-history":[{"count":3,"href":"https:\/\/www.dialogodelmundo.de\/es\/wp-json\/wp\/v2\/posts\/6389\/revisions"}],"predecessor-version":[{"id":6392,"href":"https:\/\/www.dialogodelmundo.de\/es\/wp-json\/wp\/v2\/posts\/6389\/revisions\/6392"}],"wp:featuredmedia":[{"embeddable":true,"href":"https:\/\/www.dialogodelmundo.de\/es\/wp-json\/wp\/v2\/media\/6385"}],"wp:attachment":[{"href":"https:\/\/www.dialogodelmundo.de\/es\/wp-json\/wp\/v2\/media?parent=6389"}],"wp:term":[{"taxonomy":"category","embeddable":true,"href":"https:\/\/www.dialogodelmundo.de\/es\/wp-json\/wp\/v2\/categories?post=6389"},{"taxonomy":"post_tag","embeddable":true,"href":"https:\/\/www.dialogodelmundo.de\/es\/wp-json\/wp\/v2\/tags?post=6389"}],"curies":[{"name":"wp","href":"https:\/\/api.w.org\/{rel}","templated":true}]}}