{"id":6491,"date":"2025-10-28T13:35:44","date_gmt":"2025-10-28T12:35:44","guid":{"rendered":"https:\/\/www.dialogodelmundo.de\/?p=6491"},"modified":"2025-11-16T13:58:15","modified_gmt":"2025-11-16T12:58:15","slug":"encuentro-en-linea-de-dialogo-el-8-de-noviembre-de-2025-de-10-a-12-horas","status":"publish","type":"post","link":"https:\/\/www.dialogodelmundo.de\/es\/encuentro-en-linea-de-dialogo-el-8-de-noviembre-de-2025-de-10-a-12-horas\/actualidad\/","title":{"rendered":"Encuentro en l\u00ednea de Di\u00e1logo el 8 de noviembre de 2025, de 10 a 12 horas"},"content":{"rendered":"\n<p>Te damos la bienvenida a nuestro encuentro en l\u00ednea de Di\u00e1logo del mundo el s\u00e1bado 8 de noviembre, de 10 a 12 horas.<\/p>\n\n\n\n<p>En este encuentro vamos a planificar nuestras actividades para la Semana contra la Violencia. Nos gustar\u00eda mucho escuchar tus propuestas. \u00a1Te esperamos!<\/p>\n\n\n\n<p>Para participar, puedes pedir un enlace de Zoom enviando un mensaje directo a &#x69;&#x6e;&#x66;&#111;&#64;di&#x61;&#x6c;&#x6f;&#103;&#111;de&#x6c;&#x6d;&#x75;&#110;&#100;o&#46;&#x64;&#x65;.<\/p>\n","protected":false},"excerpt":{"rendered":"<p>Te damos la bienvenida a nuestro encuentro en l\u00ednea de Di\u00e1logo del mundo el s\u00e1bado 8 de noviembre, de 10 a 12 horas. En este encuentro vamos a planificar nuestras actividades para la Semana contra la Violencia. Nos gustar\u00eda mucho escuchar tus propuestas. \u00a1Te esperamos! Para participar, puedes pedir un enlace de Zoom enviando un [&hellip;]<\/p>\n","protected":false},"author":2,"featured_media":6492,"comment_status":"open","ping_status":"open","sticky":false,"template":"","format":"standard","meta":{"_acf_changed":false,"inline_featured_image":false,"footnotes":""},"categories":[29],"tags":[],"class_list":["post-6491","post","type-post","status-publish","format-standard","has-post-thumbnail","hentry","category-actualidad"],"acf":[],"_links":{"self":[{"href":"https:\/\/www.dialogodelmundo.de\/es\/wp-json\/wp\/v2\/posts\/6491","targetHints":{"allow":["GET"]}}],"collection":[{"href":"https:\/\/www.dialogodelmundo.de\/es\/wp-json\/wp\/v2\/posts"}],"about":[{"href":"https:\/\/www.dialogodelmundo.de\/es\/wp-json\/wp\/v2\/types\/post"}],"author":[{"embeddable":true,"href":"https:\/\/www.dialogodelmundo.de\/es\/wp-json\/wp\/v2\/users\/2"}],"replies":[{"embeddable":true,"href":"https:\/\/www.dialogodelmundo.de\/es\/wp-json\/wp\/v2\/comments?post=6491"}],"version-history":[{"count":1,"href":"https:\/\/www.dialogodelmundo.de\/es\/wp-json\/wp\/v2\/posts\/6491\/revisions"}],"predecessor-version":[{"id":6494,"href":"https:\/\/www.dialogodelmundo.de\/es\/wp-json\/wp\/v2\/posts\/6491\/revisions\/6494"}],"wp:featuredmedia":[{"embeddable":true,"href":"https:\/\/www.dialogodelmundo.de\/es\/wp-json\/wp\/v2\/media\/6492"}],"wp:attachment":[{"href":"https:\/\/www.dialogodelmundo.de\/es\/wp-json\/wp\/v2\/media?parent=6491"}],"wp:term":[{"taxonomy":"category","embeddable":true,"href":"https:\/\/www.dialogodelmundo.de\/es\/wp-json\/wp\/v2\/categories?post=6491"},{"taxonomy":"post_tag","embeddable":true,"href":"https:\/\/www.dialogodelmundo.de\/es\/wp-json\/wp\/v2\/tags?post=6491"}],"curies":[{"name":"wp","href":"https:\/\/api.w.org\/{rel}","templated":true}]}}